{"id":310,"date":"2020-05-11T11:17:57","date_gmt":"2020-05-11T09:17:57","guid":{"rendered":"https:\/\/smartpeach.es\/?p=310"},"modified":"2020-05-11T11:25:01","modified_gmt":"2020-05-11T09:25:01","slug":"smartpeach-participa-en-una-mision-comercial-del-info-a-chile-y-uruguay","status":"publish","type":"post","link":"https:\/\/smartpeach.es\/pt\/smartpeach-participa-en-una-mision-comercial-del-info-a-chile-y-uruguay\/","title":{"rendered":"Smartpeach participa de miss\u00e3o comercial da INFO ao Chile e Uruguai"},"content":{"rendered":"<p>Do dia <strong>20 a 27 de outubro de 2019<\/strong> Nossa empresa Smartpeach participou do <strong>Miss\u00e3o Comercial Direta Multissetorial \u00e0 Argentina, Chile, Uruguai e\/ou Paraguai<\/strong> para promover nossos produtos e servi\u00e7os.<\/p>\n\n\n\n<p>Especificamente, <strong>SMARTPEACH visitou o Chile e o Uruguai<\/strong> em uma miss\u00e3o organizada pela C\u00e2mara Oficial de Com\u00e9rcio, Ind\u00fastria e Servi\u00e7os de Lorca e cofinanciada pela <strong>&nbsp;INFORMA\u00c7\u00d5ES<\/strong> (Instituto de Desenvolvimento da Regi\u00e3o de M\u00farcia) e o<strong> Uni\u00e3o Europeia<\/strong> atrav\u00e9s dos fundos <strong>ALIMENTADOR <\/strong>(Fundo Europeu de Desenvolvimento Regional)<\/p>\n\n\n\n<p>Durante a miss\u00e3o comercial, os representantes da Smartpeach se encontraram com potenciais clientes e distribuidores para promover seus produtos e ferramentas inovadores para empresas e administra\u00e7\u00f5es p\u00fablicas. A viagem foi um sucesso retumbante, e eles j\u00e1 est\u00e3o trabalhando com v\u00e1rias empresas no Chile e no Uruguai para comercializar seus produtos na Am\u00e9rica Latina. Para o CEO Arturo Soler, esse desafio \u00e9 um grande incentivo e um passo essencial para se posicionar como um parceiro internacional, reposicionando-se no mercado como uma empresa de tecnologia de alto n\u00edvel.<\/p>","protected":false},"excerpt":{"rendered":"<p>Desde el d\u00eda 20 al 27 de octubre de 2019 nuestra empresa Smartpeach ha participado en la Misi\u00f3n Comercial Directa plurisectorial a Argentina, Chile, Uruguay y\/o Paraguay para promocionar nuestros productos y servicios. En concreto, SMARTPEACH visit\u00f3 Chile y Uruguay en una misi\u00f3n organizada por la C\u00e1mara Oficial de Comercio, Industria y Servicios de Lorca&nbsp; &#8230; <a title=\"Smartpeach participa de miss\u00e3o comercial da INFO ao Chile e Uruguai\" class=\"read-more\" href=\"https:\/\/smartpeach.es\/pt\/smartpeach-participa-en-una-mision-comercial-del-info-a-chile-y-uruguay\/\" aria-label=\"Saiba mais sobre a Smartpeach participa de miss\u00e3o comercial da INFO ao Chile e Uruguai\">Ler mais<\/a><\/p>","protected":false},"author":2,"featured_media":311,"comment_status":"closed","ping_status":"closed","sticky":false,"template":"","format":"standard","meta":{"footnotes":""},"categories":[1],"tags":[],"class_list":["post-310","post","type-post","status-publish","format-standard","has-post-thumbnail","hentry","category-noticias"],"_links":{"self":[{"href":"https:\/\/smartpeach.es\/pt\/wp-json\/wp\/v2\/posts\/310","targetHints":{"allow":["GET"]}}],"collection":[{"href":"https:\/\/smartpeach.es\/pt\/wp-json\/wp\/v2\/posts"}],"about":[{"href":"https:\/\/smartpeach.es\/pt\/wp-json\/wp\/v2\/types\/post"}],"author":[{"embeddable":true,"href":"https:\/\/smartpeach.es\/pt\/wp-json\/wp\/v2\/users\/2"}],"replies":[{"embeddable":true,"href":"https:\/\/smartpeach.es\/pt\/wp-json\/wp\/v2\/comments?post=310"}],"version-history":[{"count":0,"href":"https:\/\/smartpeach.es\/pt\/wp-json\/wp\/v2\/posts\/310\/revisions"}],"wp:featuredmedia":[{"embeddable":true,"href":"https:\/\/smartpeach.es\/pt\/wp-json\/wp\/v2\/media\/311"}],"wp:attachment":[{"href":"https:\/\/smartpeach.es\/pt\/wp-json\/wp\/v2\/media?parent=310"}],"wp:term":[{"taxonomy":"category","embeddable":true,"href":"https:\/\/smartpeach.es\/pt\/wp-json\/wp\/v2\/categories?post=310"},{"taxonomy":"post_tag","embeddable":true,"href":"https:\/\/smartpeach.es\/pt\/wp-json\/wp\/v2\/tags?post=310"}],"curies":[{"name":"wp","href":"https:\/\/api.w.org\/{rel}","templated":true}]}}